{"id":1225,"date":"2025-06-10T12:25:22","date_gmt":"2025-06-10T10:25:22","guid":{"rendered":"https:\/\/jambrik.hu\/?p=1225"},"modified":"2025-06-11T16:38:31","modified_gmt":"2025-06-11T14:38:31","slug":"digitalis-akadalymentesseg-es-aszf-frissites-uj-idei-kotelezettsegek-a-vallalkozasoknak","status":"publish","type":"post","link":"https:\/\/jambrik.hu\/en\/digitalis-akadalymentesseg-es-aszf-frissites-uj-idei-kotelezettsegek-a-vallalkozasoknak\/","title":{"rendered":"Digit\u00e1lis akad\u00e1lymentess\u00e9g \u00e9s \u00c1SZF-friss\u00edt\u00e9s \u2013 \u00faj idei k\u00f6telezetts\u00e9gek a v\u00e1llalkoz\u00e1soknak"},"content":{"rendered":"<p>[et_pb_section fb_built=&#8221;1&#8243; admin_label=&#8221;section&#8221; _builder_version=&#8221;4.16&#8243; global_colors_info=&#8221;{}&#8221;][et_pb_row admin_label=&#8221;row&#8221; _builder_version=&#8221;4.16&#8243; background_size=&#8221;initial&#8221; background_position=&#8221;top_left&#8221; background_repeat=&#8221;repeat&#8221; global_colors_info=&#8221;{}&#8221;][et_pb_column type=&#8221;4_4&#8243; _builder_version=&#8221;4.16&#8243; custom_padding=&#8221;|||&#8221; global_colors_info=&#8221;{}&#8221; custom_padding__hover=&#8221;|||&#8221;][et_pb_text admin_label=&#8221;Text&#8221; _builder_version=&#8221;4.27.4&#8243; background_size=&#8221;initial&#8221; background_position=&#8221;top_left&#8221; background_repeat=&#8221;repeat&#8221; hover_enabled=&#8221;0&#8243; global_colors_info=&#8221;{}&#8221; sticky_enabled=&#8221;0&#8243;]<\/p>\n<p style=\"text-align: justify;\"><strong>\u00daj akad\u00e1lymentess\u00e9gi szab\u00e1lyok l\u00e9pnek \u00e9letbe j\u00fanius v\u00e9g\u00e9t\u0151l, minden olyan v\u00e1llalkoz\u00e1sra, amely digit\u00e1lis fel\u00fcleten ny\u00fajt szolg\u00e1ltat\u00e1st (pl. weboldal\u00e1n). <\/strong><\/p>\n<p style=\"text-align: justify;\">Az uni\u00f3s, illetve az azt \u00e1t\u00fcltet\u0151 magyar szab\u00e1lyoz\u00e1s c\u00e9lja, hogy az online szolg\u00e1ltat\u00e1sok minden fogyaszt\u00f3, k\u00f6zt\u00fck a fogyat\u00e9koss\u00e1ggal \u00e9l\u0151 szem\u00e9lyek sz\u00e1m\u00e1ra is akad\u00e1lymentesen hozz\u00e1f\u00e9rhet\u0151k legyenek. B\u00e1r els\u0151re tehernek t\u0171nhet a k\u00f6telezetts\u00e9gek teljes\u00edt\u00e9se, ez egy j\u00f3 lehet\u0151s\u00e9g az \u00fcgyf\u00e9lk\u00f6r b\u0151v\u00edt\u00e9s\u00e9re, \u00fcgyf\u00e9lel\u00e9gedetts\u00e9g jav\u00edt\u00e1s\u00e1ra. Ezek a v\u00e1ltoztat\u00e1sok ugyanis j\u00f3val sz\u00e9lesebb c\u00e9lcsoport sz\u00e1m\u00e1ra is el\u0151ny\u00f6sek lehetnek: gyakorlatilag mindenkinek vannak akad\u00e1lyoztatott id\u0151szakai (p\u00e9ld\u00e1ul amikor zajos k\u00f6rnyezetben, t\u00f6megk\u00f6zleked\u00e9sen vagy begipszelt k\u00e9zzel igyekszik interneten \u00fcgyint\u00e9zni, v\u00e1s\u00e1rolni).<\/p>\n<p style=\"text-align: justify;\"><strong>Az akad\u00e1lymentess\u00e9gi k\u00f6vetelm\u00e9nyek (azaz a technikai megfelel\u00e9s) k\u00f6telez\u0151 \u00e9rv\u00e9ny\u0171ek<\/strong>, de nem sz\u00fcks\u00e9ges a szolg\u00e1ltat\u00e1s l\u00e9nyegi tulajdons\u00e1gait alapvet\u0151en m\u00f3dos\u00edtani \u2013 kiv\u00e9ve, ha a v\u00e1llalat t\u00e1mogat\u00e1st vett fel a fejleszt\u00e9shez. <strong>\u00c1ltal\u00e1nos k\u00f6vetkezm\u00e9ny az is, hogy az \u00e9rintett v\u00e1llalkoz\u00e1soknak friss\u00edteni\u00fck kell az \u00c1ltal\u00e1nos Szerz\u0151d\u00e9si Felt\u00e9teleiket (\u00c1SZF).<\/strong> A szolg\u00e1ltat\u00f3knak ugyanis t\u00e1j\u00e9koztat\u00e1st kell ny\u00fajtaniuk a szolg\u00e1ltat\u00e1s m\u0171k\u00f6d\u00e9s\u00e9r\u0151l (ha term\u00e9ket is felhaszn\u00e1lnak hozz\u00e1, akkor a szolg\u00e1ltat\u00e1s \u00e9s term\u00e9k kapcsolat\u00e1r\u00f3l), akad\u00e1lymentess\u00e9gi jellemz\u0151ikr\u0151l, valamint azok t\u00e1mogat\u00f3-seg\u00edt\u0151 eszk\u00f6z\u00f6kkel, t\u00e1mogat\u00f3 funkci\u00f3kkal val\u00f3 interoperabilit\u00e1sukr\u00f3l.<\/p>\n<p style=\"text-align: justify;\">Tov\u00e1bbi \u00faj t\u00e9teles k\u00f6vetelm\u00e9nyek is megjelentek, \u00fagymint:<\/p>\n<ol style=\"text-align: justify;\">\n<li>Megfelel\u00e9s dokument\u00e1l\u00e1sa: \u00cdr\u00e1sban \u00e9s sz\u00f3ban, akad\u00e1lymentesen hozz\u00e1f\u00e9rhet\u0151en publik\u00e1lni kell, hogy az adott v\u00e1llalkoz\u00e1s hogyan felel meg folyamatosan az alkalmazand\u00f3 akad\u00e1lymentess\u00e9gi k\u00f6vetelm\u00e9nyeknek. Ezeket az inform\u00e1ci\u00f3kat a szolg\u00e1ltat\u00e1s megsz\u0171n\u00e9s\u00e9ig kell meg\u0151rizni.<\/li>\n<li>M\u00f3dosul\u00e1sok dokument\u00e1l\u00e1sa: Dokument\u00e1lt \u00e9rt\u00e9kel\u00e9st kell k\u00e9sz\u00edteni\u00fck arr\u00f3l, hogy a megfelel\u00e9s alapvet\u0151 m\u00f3dosul\u00e1st vezetne-e be vagy sem. A dokument\u00e1ci\u00f3t az adott szolg\u00e1ltat\u00e1s megsz\u0171n\u00e9s\u00e9t\u0151l sz\u00e1m\u00edtott 5 \u00e9vig kell meg\u0151rizni. A szolg\u00e1ltat\u00e1sm\u00f3dos\u00edt\u00e1sakor \u00faj \u00e9rt\u00e9kel\u00e9s kell, de legal\u00e1bb 5 \u00e9vente.<\/li>\n<li>Akad\u00e1lymentes \u00fcgyf\u00e9lszolg\u00e1lat: \u00dcgyf\u00e9lszolg\u00e1latoknak, m\u0171szaki seg\u00edts\u00e9gny\u00fajt\u00f3 szolg\u00e1latoknak, k\u00f6zvet\u00edt\u0151 szolg\u00e1ltat\u00e1soknak akad\u00e1lymentesen hozz\u00e1f\u00e9rhet\u0151 kommunik\u00e1ci\u00f3s m\u00f3dokon kell t\u00e1j\u00e9koztat\u00e1ssal szolg\u00e1lniuk a szolg\u00e1ltat\u00e1s akad\u00e1lymentess\u00e9g\u00e9r\u0151l \u00e9s t\u00e1mogat\u00f3-seg\u00edt\u0151 technol\u00f3gi\u00e1kkal val\u00f3 kompatibilit\u00e1s\u00e1r\u00f3l.<\/li>\n<li>Elektronikus kereskedelmi szolg\u00e1ltat\u00e1sok: Ha a szolg\u00e1ltat\u00e1shoz tartozik szem\u00e9lyazonos\u00edt\u00e1si, biztons\u00e1gi \u00e9s fizet\u00e9si funkci\u00f3, akkor ezeknek az akad\u00e1lymentess\u00e9g\u00e9t is biztos\u00edtani kell.<\/li>\n<li>Lehets\u00e9ges szankci\u00f3k: Ak\u00e1r az \u00e9ves nett\u00f3 \u00e1rbev\u00e9tel 5%-a, maximum 500 milli\u00f3 Ft is lehet a b\u00edrs\u00e1g, ism\u00e9tl\u0151d\u0151 mulaszt\u00e1s pedig s\u00falyosb\u00edtott szankci\u00f3kkal j\u00e1rhat. Az akad\u00e1lymentess\u00e9gi el\u0151\u00edr\u00e1sok be nem tart\u00e1sa emellett fogyaszt\u00f3v\u00e9delmi ellen\u0151rz\u00e9sekhez \u00e9s felsz\u00f3l\u00edt\u00e1sokhoz vezethet.<\/li>\n<\/ol>\n<p style=\"text-align: justify;\">Az ir\u00e1nyelv gyakorlati p\u00e9ld\u00e1kat is tartalmaz, a vonatkoz\u00f3 technikai szabv\u00e1nyt pedig m\u00e1r most \u00e9rdemes a fejleszt\u00e9sekn\u00e9l figyelembe venni.<\/p>\n<p style=\"text-align: justify;\">Mindezek f\u00e9ny\u00e9ben az \u00c1SZF friss\u00edt\u00e9se nem csak jogi feladat, hanem \u00fczleti strat\u00e9giai l\u00e9p\u00e9s is. Egy \u00e1tl\u00e1that\u00f3, mindenki sz\u00e1m\u00e1ra el\u00e9rhet\u0151 szolg\u00e1ltat\u00e1s er\u0151s\u00edti a versenyk\u00e9pess\u00e9get a digit\u00e1lis t\u00e9rben, ahol a figyelem \u00e9s a felhaszn\u00e1l\u00f3i \u00e9lm\u00e9ny sz\u00e1m\u00edt a legt\u00f6bbet \u2013 az \u00c1SZF m\u00f3dos\u00edt\u00e1sa pedig egy l\u00e9p\u00e9s ennek el\u00e9r\u00e9se fel\u00e9.<\/p>\n<p style=\"text-align: justify;\"><strong>Az akad\u00e1lymentess\u00e9gi szab\u00e1lyok mellett 2025-ben m\u00e1s jogi v\u00e1ltoz\u00e1sok is \u00e9rintik a digit\u00e1lis szolg\u00e1ltat\u00f3kat, \u00edgy p\u00e9ld\u00e1ul a k\u00f6zvet\u00edt\u0151 szolg\u00e1ltat\u00f3k k\u00f6telezetts\u00e9gei is v\u00e1ltoznak, valamint szigorodnak a fogyaszt\u00f3v\u00e9delmi elv\u00e1r\u00e1sok is. Ez\u00e9rt most k\u00fcl\u00f6n\u00f6sen aktu\u00e1lis az \u00c1SZF-ek friss\u00edt\u00e9se. <\/strong><\/p>\n<p style=\"text-align: justify;\">A fentiekkel kapcsolatos k\u00e9rd\u00e9s eset\u00e9n irod\u00e1nk sz\u00edvesen \u00e1ll rendelkez\u00e9s\u00e9re.<\/p>\n<p style=\"text-align: justify;\"><em>Jelen \u00f6sszefoglal\u00f3 c\u00e9lja, hogy a t\u00e9m\u00e1j\u00e1ban \u00e1ltal\u00e1nos jelleg\u0171 t\u00e1j\u00e9koztat\u00e1st ny\u00fajtson \u00e9s nem min\u0151s\u00fcl jogi tan\u00e1csad\u00e1snak vagy jogi v\u00e9lem\u00e9nynek. <\/em><\/p>\n<p style=\"text-align: justify;\"><em>Amennyiben jogi k\u00e9rd\u00e9se mer\u00fclne fel vagy tov\u00e1bbi inform\u00e1ci\u00f3ra lenne sz\u00fcks\u00e9ge, k\u00e9rj\u00fck, vegyen ig\u00e9nybe jogi tan\u00e1csad\u00e1st.<\/em><\/p>\n<p><em>2025. m\u00e1jus<\/em><\/p>\n<p>[\/et_pb_text][\/et_pb_column][\/et_pb_row][\/et_pb_section]<\/p>\n","protected":false},"excerpt":{"rendered":"<p>\u00daj akad\u00e1lymentess\u00e9gi szab\u00e1lyok l\u00e9pnek \u00e9letbe j\u00fanius v\u00e9g\u00e9t\u0151l, minden olyan v\u00e1llalkoz\u00e1sra, amely digit\u00e1lis fel\u00fcleten ny\u00fajt szolg\u00e1ltat\u00e1st (pl. weboldal\u00e1n). Az uni\u00f3s, illetve az azt \u00e1t\u00fcltet\u0151 magyar szab\u00e1lyoz\u00e1s c\u00e9lja, hogy az online szolg\u00e1ltat\u00e1sok minden fogyaszt\u00f3, k\u00f6zt\u00fck a fogyat\u00e9koss\u00e1ggal \u00e9l\u0151 szem\u00e9lyek sz\u00e1m\u00e1ra is akad\u00e1lymentesen hozz\u00e1f\u00e9rhet\u0151k legyenek. B\u00e1r els\u0151re tehernek t\u0171nhet a k\u00f6telezetts\u00e9gek teljes\u00edt\u00e9se, ez egy j\u00f3 lehet\u0151s\u00e9g az \u00fcgyf\u00e9lk\u00f6r [&hellip;]<\/p>\n","protected":false},"author":6,"featured_media":1234,"comment_status":"closed","ping_status":"closed","sticky":false,"template":"","format":"standard","meta":{"_et_pb_use_builder":"on","_et_pb_old_content":"<p style=\"text-align: justify;\"><strong>\u00daj akad\u00e1lymentess\u00e9gi szab\u00e1lyok l\u00e9pnek \u00e9letbe j\u00fanius v\u00e9g\u00e9t\u0151l, minden olyan v\u00e1llalkoz\u00e1sra, amely digit\u00e1lis fel\u00fcleten ny\u00fajt szolg\u00e1ltat\u00e1st (pl. weboldal\u00e1n). <\/strong><\/p>\r\n<p style=\"text-align: justify;\">Az uni\u00f3s, illetve az azt \u00e1t\u00fcltet\u0151 magyar szab\u00e1lyoz\u00e1s c\u00e9lja, hogy az online szolg\u00e1ltat\u00e1sok minden fogyaszt\u00f3, k\u00f6zt\u00fck a fogyat\u00e9koss\u00e1ggal \u00e9l\u0151 szem\u00e9lyek sz\u00e1m\u00e1ra is akad\u00e1lymentesen hozz\u00e1f\u00e9rhet\u0151k legyenek. B\u00e1r els\u0151re tehernek t\u0171nhet a k\u00f6telezetts\u00e9gek teljes\u00edt\u00e9se, ez egy j\u00f3 lehet\u0151s\u00e9g az \u00fcgyf\u00e9lk\u00f6r b\u0151v\u00edt\u00e9s\u00e9re, \u00fcgyf\u00e9lel\u00e9gedetts\u00e9g jav\u00edt\u00e1s\u00e1ra. Ezek a v\u00e1ltoztat\u00e1sok ugyanis j\u00f3val sz\u00e9lesebb c\u00e9lcsoport sz\u00e1m\u00e1ra is el\u0151ny\u00f6sek lehetnek: gyakorlatilag mindenkinek vannak akad\u00e1lyoztatott id\u0151szakai (p\u00e9ld\u00e1ul amikor zajos k\u00f6rnyezetben, t\u00f6megk\u00f6zleked\u00e9sen vagy begipszelt k\u00e9zzel igyekszik interneten \u00fcgyint\u00e9zni, v\u00e1s\u00e1rolni).<\/p>\r\n<p style=\"text-align: justify;\"><strong>Az akad\u00e1lymentess\u00e9gi k\u00f6vetelm\u00e9nyek (azaz a technikai megfelel\u00e9s) k\u00f6telez\u0151 \u00e9rv\u00e9ny\u0171ek<\/strong>, de nem sz\u00fcks\u00e9ges a szolg\u00e1ltat\u00e1s l\u00e9nyegi tulajdons\u00e1gait alapvet\u0151en m\u00f3dos\u00edtani \u2013 kiv\u00e9ve, ha a v\u00e1llalat t\u00e1mogat\u00e1st vett fel a fejleszt\u00e9shez. <strong>\u00c1ltal\u00e1nos k\u00f6vetkezm\u00e9ny az is, hogy az \u00e9rintett v\u00e1llalkoz\u00e1soknak friss\u00edteni\u00fck kell az \u00c1ltal\u00e1nos Szerz\u0151d\u00e9si Felt\u00e9teleiket (\u00c1SZF).<\/strong> A szolg\u00e1ltat\u00f3knak ugyanis t\u00e1j\u00e9koztat\u00e1st kell ny\u00fajtaniuk a szolg\u00e1ltat\u00e1s m\u0171k\u00f6d\u00e9s\u00e9r\u0151l (ha term\u00e9ket is felhaszn\u00e1lnak hozz\u00e1, akkor a szolg\u00e1ltat\u00e1s \u00e9s term\u00e9k kapcsolat\u00e1r\u00f3l), akad\u00e1lymentess\u00e9gi jellemz\u0151ikr\u0151l, valamint azok t\u00e1mogat\u00f3-seg\u00edt\u0151 eszk\u00f6z\u00f6kkel, t\u00e1mogat\u00f3 funkci\u00f3kkal val\u00f3 interoperabilit\u00e1sukr\u00f3l.<\/p>\r\n<p style=\"text-align: justify;\">Tov\u00e1bbi \u00faj t\u00e9teles k\u00f6vetelm\u00e9nyek is megjelentek, \u00fagymint:<\/p>\r\n\r\n<ol style=\"text-align: justify;\">\r\n \t<li>Megfelel\u00e9s dokument\u00e1l\u00e1sa: \u00cdr\u00e1sban \u00e9s sz\u00f3ban, akad\u00e1lymentesen hozz\u00e1f\u00e9rhet\u0151en publik\u00e1lni kell, hogy az adott v\u00e1llalkoz\u00e1s hogyan felel meg folyamatosan az alkalmazand\u00f3 akad\u00e1lymentess\u00e9gi k\u00f6vetelm\u00e9nyeknek. Ezeket az inform\u00e1ci\u00f3kat a szolg\u00e1ltat\u00e1s megsz\u0171n\u00e9s\u00e9ig kell meg\u0151rizni.<\/li>\r\n \t<li>M\u00f3dosul\u00e1sok dokument\u00e1l\u00e1sa: Dokument\u00e1lt \u00e9rt\u00e9kel\u00e9st kell k\u00e9sz\u00edteni\u00fck arr\u00f3l, hogy a megfelel\u00e9s alapvet\u0151 m\u00f3dosul\u00e1st vezetne-e be vagy sem. A dokument\u00e1ci\u00f3t az adott szolg\u00e1ltat\u00e1s megsz\u0171n\u00e9s\u00e9t\u0151l sz\u00e1m\u00edtott 5 \u00e9vig kell meg\u0151rizni. A szolg\u00e1ltat\u00e1sm\u00f3dos\u00edt\u00e1sakor \u00faj \u00e9rt\u00e9kel\u00e9s kell, de legal\u00e1bb 5 \u00e9vente.<\/li>\r\n \t<li>Akad\u00e1lymentes \u00fcgyf\u00e9lszolg\u00e1lat: \u00dcgyf\u00e9lszolg\u00e1latoknak, m\u0171szaki seg\u00edts\u00e9gny\u00fajt\u00f3 szolg\u00e1latoknak, k\u00f6zvet\u00edt\u0151 szolg\u00e1ltat\u00e1soknak akad\u00e1lymentesen hozz\u00e1f\u00e9rhet\u0151 kommunik\u00e1ci\u00f3s m\u00f3dokon kell t\u00e1j\u00e9koztat\u00e1ssal szolg\u00e1lniuk a szolg\u00e1ltat\u00e1s akad\u00e1lymentess\u00e9g\u00e9r\u0151l \u00e9s t\u00e1mogat\u00f3-seg\u00edt\u0151 technol\u00f3gi\u00e1kkal val\u00f3 kompatibilit\u00e1s\u00e1r\u00f3l.<\/li>\r\n \t<li>Elektronikus kereskedelmi szolg\u00e1ltat\u00e1sok: Ha a szolg\u00e1ltat\u00e1shoz tartozik szem\u00e9lyazonos\u00edt\u00e1si, biztons\u00e1gi \u00e9s fizet\u00e9si funkci\u00f3, akkor ezeknek az akad\u00e1lymentess\u00e9g\u00e9t is biztos\u00edtani kell.<\/li>\r\n \t<li>Lehets\u00e9ges szankci\u00f3k: Ak\u00e1r az \u00e9ves nett\u00f3 \u00e1rbev\u00e9tel 5%-a, maximum 500 milli\u00f3 Ft is lehet a b\u00edrs\u00e1g, ism\u00e9tl\u0151d\u0151 mulaszt\u00e1s pedig s\u00falyosb\u00edtott szankci\u00f3kkal j\u00e1rhat. Az akad\u00e1lymentess\u00e9gi el\u0151\u00edr\u00e1sok be nem tart\u00e1sa emellett fogyaszt\u00f3v\u00e9delmi ellen\u0151rz\u00e9sekhez \u00e9s felsz\u00f3l\u00edt\u00e1sokhoz vezethet.<\/li>\r\n<\/ol>\r\n<p style=\"text-align: justify;\">Az ir\u00e1nyelv gyakorlati p\u00e9ld\u00e1kat is tartalmaz, a vonatkoz\u00f3 technikai szabv\u00e1nyt pedig m\u00e1r most \u00e9rdemes a fejleszt\u00e9sekn\u00e9l figyelembe venni.<\/p>\r\n<p style=\"text-align: justify;\">Mindezek f\u00e9ny\u00e9ben az \u00c1SZF friss\u00edt\u00e9se nem csak jogi feladat, hanem \u00fczleti strat\u00e9giai l\u00e9p\u00e9s is. Egy \u00e1tl\u00e1that\u00f3, mindenki sz\u00e1m\u00e1ra el\u00e9rhet\u0151 szolg\u00e1ltat\u00e1s er\u0151s\u00edti a versenyk\u00e9pess\u00e9get a digit\u00e1lis t\u00e9rben, ahol a figyelem \u00e9s a felhaszn\u00e1l\u00f3i \u00e9lm\u00e9ny sz\u00e1m\u00edt a legt\u00f6bbet \u2013 az \u00c1SZF m\u00f3dos\u00edt\u00e1sa pedig egy l\u00e9p\u00e9s ennek el\u00e9r\u00e9se fel\u00e9.<\/p>\r\n<p style=\"text-align: justify;\"><strong>Az akad\u00e1lymentess\u00e9gi szab\u00e1lyok mellett 2025-ben m\u00e1s jogi v\u00e1ltoz\u00e1sok is \u00e9rintik a digit\u00e1lis szolg\u00e1ltat\u00f3kat, \u00edgy p\u00e9ld\u00e1ul a k\u00f6zvet\u00edt\u0151 szolg\u00e1ltat\u00f3k k\u00f6telezetts\u00e9gei is v\u00e1ltoznak, valamint szigorodnak a fogyaszt\u00f3v\u00e9delmi elv\u00e1r\u00e1sok is. Ez\u00e9rt most k\u00fcl\u00f6n\u00f6sen aktu\u00e1lis az \u00c1SZF-ek friss\u00edt\u00e9se. <\/strong><\/p>\r\n<p style=\"text-align: justify;\">A fentiekkel kapcsolatos k\u00e9rd\u00e9s eset\u00e9n irod\u00e1nk sz\u00edvesen \u00e1ll rendelkez\u00e9s\u00e9re.<\/p>\r\n<p style=\"text-align: justify;\">Jelen \u00f6sszefoglal\u00f3 c\u00e9lja, hogy a t\u00e9m\u00e1j\u00e1ban \u00e1ltal\u00e1nos jelleg\u0171 t\u00e1j\u00e9koztat\u00e1st ny\u00fajtson \u00e9s nem min\u0151s\u00fcl jogi tan\u00e1csad\u00e1snak vagy jogi v\u00e9lem\u00e9nynek. Amennyiben jogi k\u00e9rd\u00e9se mer\u00fclne fel vagy tov\u00e1bbi inform\u00e1ci\u00f3ra lenne sz\u00fcks\u00e9ge, k\u00e9rj\u00fck, vegyen ig\u00e9nybe jogi tan\u00e1csad\u00e1st.<\/p>\r\n\r\n<ol start=\"2025\">\r\n \t<li style=\"text-align: justify;\">m\u00e1jus<\/li>\r\n<\/ol>","_et_gb_content_width":"","footnotes":""},"categories":[1],"tags":[],"class_list":["post-1225","post","type-post","status-publish","format-standard","has-post-thumbnail","hentry","category-egyeb"],"_links":{"self":[{"href":"https:\/\/jambrik.hu\/en\/wp-json\/wp\/v2\/posts\/1225","targetHints":{"allow":["GET"]}}],"collection":[{"href":"https:\/\/jambrik.hu\/en\/wp-json\/wp\/v2\/posts"}],"about":[{"href":"https:\/\/jambrik.hu\/en\/wp-json\/wp\/v2\/types\/post"}],"author":[{"embeddable":true,"href":"https:\/\/jambrik.hu\/en\/wp-json\/wp\/v2\/users\/6"}],"replies":[{"embeddable":true,"href":"https:\/\/jambrik.hu\/en\/wp-json\/wp\/v2\/comments?post=1225"}],"version-history":[{"count":10,"href":"https:\/\/jambrik.hu\/en\/wp-json\/wp\/v2\/posts\/1225\/revisions"}],"predecessor-version":[{"id":1251,"href":"https:\/\/jambrik.hu\/en\/wp-json\/wp\/v2\/posts\/1225\/revisions\/1251"}],"wp:featuredmedia":[{"embeddable":true,"href":"https:\/\/jambrik.hu\/en\/wp-json\/wp\/v2\/media\/1234"}],"wp:attachment":[{"href":"https:\/\/jambrik.hu\/en\/wp-json\/wp\/v2\/media?parent=1225"}],"wp:term":[{"taxonomy":"category","embeddable":true,"href":"https:\/\/jambrik.hu\/en\/wp-json\/wp\/v2\/categories?post=1225"},{"taxonomy":"post_tag","embeddable":true,"href":"https:\/\/jambrik.hu\/en\/wp-json\/wp\/v2\/tags?post=1225"}],"curies":[{"name":"wp","href":"https:\/\/api.w.org\/{rel}","templated":true}]}}